[{"@context":"https:\/\/schema.org\/","@type":"Article","@id":"https:\/\/www.totem-rdc.cz\/kam-za-kulturou-v-ceske-republice\/#Article","mainEntityOfPage":"https:\/\/www.totem-rdc.cz\/kam-za-kulturou-v-ceske-republice\/","headline":"Kam za kulturou v \u010cesk\u00e9 republice","name":"Kam za kulturou v \u010cesk\u00e9 republice","description":"Jestli\u017ee byste se r\u00e1di vydali za kulturou do \u010cesk\u00e9 republiky, pak m\u00e1te rozhodn\u011b co nav\u0161t\u011bvovat, jeliko\u017e pam\u00e1tek je po cel\u00e9 republice mraky. Nejsou pouze v&nbsp;Praze, jak si n\u011bkte\u0159\u00ed mysl\u00ed. Jsou rozhozeny po v\u0161ech mo\u017en\u00fdch kraj\u00edch. Na n\u011bkter\u00e9 z&nbsp;t\u011bchto pam\u00e1tek se dnes malinko pod\u00edv\u00e1me. Nejzn\u00e1m\u011bj\u0161\u00ed je asi Praha. V&nbsp;Praze byste nikdy nem\u011bli vynechat historick\u00e9 centrum. Krom\u011b [&hellip;]","datePublished":"2017-10-14","dateModified":"2023-05-05","author":{"@type":"Person","@id":"https:\/\/www.totem-rdc.cz\/author\/#Person","name":"","url":"https:\/\/www.totem-rdc.cz\/author\/","identifier":1,"image":{"@type":"ImageObject","@id":"https:\/\/secure.gravatar.com\/avatar\/c0c0e488d5f88ebdb5e32a558e21f6df03f38644814b5677bcd67e16813bee55?s=96&d=mm&r=g","url":"https:\/\/secure.gravatar.com\/avatar\/c0c0e488d5f88ebdb5e32a558e21f6df03f38644814b5677bcd67e16813bee55?s=96&d=mm&r=g","height":96,"width":96}},"publisher":{"@type":"Organization","name":"totem-rdc.cz","logo":{"@type":"ImageObject","@id":"\/logo.png","url":"\/logo.png","width":600,"height":60}},"image":{"@type":"ImageObject","@id":"https:\/\/totem-rdc.cz\/wp-content\/uploads\/img_a327270_w2587_t1539522022.jpg","url":"https:\/\/totem-rdc.cz\/wp-content\/uploads\/img_a327270_w2587_t1539522022.jpg","height":"","width":""},"url":"https:\/\/www.totem-rdc.cz\/kam-za-kulturou-v-ceske-republice\/","about":["Neza\u0159azen\u00e9"],"wordCount":451,"articleBody":"Jestli\u017ee byste se r\u00e1di vydali za kulturou do \u010cesk\u00e9 republiky, pak m\u00e1te rozhodn\u011b co nav\u0161t\u011bvovat, jeliko\u017e pam\u00e1tek je po cel\u00e9 republice mraky. Nejsou pouze v&nbsp;Praze, jak si n\u011bkte\u0159\u00ed mysl\u00ed. Jsou rozhozeny po v\u0161ech mo\u017en\u00fdch kraj\u00edch. Na n\u011bkter\u00e9 z&nbsp;t\u011bchto pam\u00e1tek se dnes malinko pod\u00edv\u00e1me.Nejzn\u00e1m\u011bj\u0161\u00ed je asi Praha. V&nbsp;Praze byste nikdy nem\u011bli vynechat historick\u00e9 centrum. Krom\u011b Pra\u017esk\u00e9ho hradu \u010di Katedr\u00e1ly sv. V\u00edta, m\u016f\u017eete tak\u00e9 nav\u0161t\u00edvit Karl\u016fv most nebo obrovsk\u00e9 mno\u017estv\u00ed kostel\u016f a pal\u00e1c\u016f. Pr\u00e1v\u011b zde si ka\u017ed\u00fd p\u0159ijde na sv\u00e9.P\u011bkn\u00fdm m\u011bstem je tak\u00e9 Tel\u010d. Jedn\u00e1 se o m\u011bsto, kter\u00e9 bylo postaveno na z\u00e1kladech po velk\u00e9m po\u017e\u00e1ru, kter\u00fd zde byl ve 14. stolet\u00ed. K&nbsp;vid\u011bn\u00ed je mnoho renesan\u010dn\u00edch a barokn\u00edch m\u011b\u0161\u0165ansk\u00fdch dom\u016f a krom\u011b toho tak\u00e9 gotick\u00fd hrad.Ur\u010dit\u011b u\u017e n\u011bkte\u0159\u00ed z&nbsp;v\u00e1s n\u011bkdy sly\u0161eli o \u010cesk\u00e9m Krumlov\u011b. Spoustu st\u0159edov\u011bk\u00fdch uli\u010dek, m\u011b\u0161\u0165ansk\u00fdch dom\u016f nebo hradn\u00ed a z\u00e1meck\u00fd komplex s&nbsp;barokn\u00edm divadlem stoj\u00ed ur\u010dit\u011b za to alespo\u0148 jednou v&nbsp;\u017eivot\u011b vid\u011bt.Jestli\u017ee pat\u0159\u00edte mezi milovn\u00edky kostel\u016f, pak byste se ur\u010dit\u011b m\u011bli vypravit do \u017d\u010f\u00e1ru nad S\u00e1zavou. Najdete zde toti\u017e poutn\u00ed kostel, kter\u00fd je zasv\u011bcen sv. Janu Nepomuck\u00e9mu. Jedn\u00e1 se o vrcholn\u00e9 d\u00edlo architekta Jana Bla\u017eeje Santiniho.Takov\u00fd Lednicko &ndash; valtick\u00fd are\u00e1l v\u00e1m tak\u00e9 m\u016f\u017ee mnoh\u00e9 nab\u00eddnout. Pr\u00e1v\u011b kolem 18. stolet\u00ed byla panstv\u00ed prom\u011bn\u011bna v&nbsp;jeden velk\u00fd park, kde se stavby barokn\u00ed a novogotick\u00e9 setk\u00e1vaj\u00ed se stavbami v&nbsp;romantick\u00e9m duchu.Ne nadarmo se \u0159\u00edk\u00e1, \u017ee Krom\u011b\u0159\u00ed\u017e je \u00fa\u017easn\u00e9 m\u00edsto, jeliko\u017e vyhl\u00e1\u0161en\u00e9 Krom\u011b\u0159\u00ed\u017esk\u00e9 zahrady by m\u011bl vid\u011bt ka\u017ed\u00fd. Rozhodn\u011b byste m\u011bli nav\u0161t\u00edvit tak\u00e9 z\u00e1mek, kter\u00fd byl postaven ji\u017e v&nbsp;17. stolet\u00ed.Jestli\u017ee se v\u00e1m l\u00edb\u00ed stavby postaven\u00e9 v&nbsp;renesan\u010dn\u00edm stylu, pak nav\u0161tivte Litomy\u0161l. Tento z\u00e1mek si jako jedin\u00fd z&nbsp;m\u00e1la zachoval nedot\u010den\u00fd vzhled z&nbsp;dob renesance.T\u011bch m\u00edst existuje v&nbsp;na\u0161\u00ed republice velk\u00e1 spousta. Ka\u017ed\u00e9 m\u011bsto je toti\u017e n\u011b\u010d\u00edm unik\u00e1tn\u00ed. Pokud jste je\u0161t\u011b v&nbsp;n\u011bkter\u00fdch z&nbsp;v\u00fd\u0161e uveden\u00fdch m\u011bst nebyli a cht\u011bli byste si ud\u011blat v\u00fdlet, pak m\u00e1te ur\u010dit\u011b mo\u017enost. Tak ji vyu\u017eijte, dokud tady je\u0161t\u011b je.                                                                                                                                                                                                                                                                                                                                                                                        4.7\/5 - (8 votes)        "},{"@context":"https:\/\/schema.org\/","@type":"BreadcrumbList","itemListElement":[{"@type":"ListItem","position":1,"name":"Kam za kulturou v \u010cesk\u00e9 republice","item":"https:\/\/www.totem-rdc.cz\/kam-za-kulturou-v-ceske-republice\/#breadcrumbitem"}]}]